{"id":31400,"date":"2025-04-16T14:40:04","date_gmt":"2025-04-16T17:40:04","guid":{"rendered":"https:\/\/www.hard.com.br\/?post_type=blog&#038;p=31400"},"modified":"2025-04-16T14:50:09","modified_gmt":"2025-04-16T17:50:09","slug":"logistica-como-montar-un-almacen-versatil-y-moderno","status":"publish","type":"blog","link":"https:\/\/www.hard.com.br\/es\/blog\/logistica-como-montar-un-almacen-versatil-y-moderno\/","title":{"rendered":"<strong>Log\u00edstica: c\u00f3mo montar un almac\u00e9n vers\u00e1til y moderno<\/strong>"},"content":{"rendered":"\n<p>La creaci\u00f3n de un almac\u00e9n vers\u00e1til implica dise\u00f1ar un espacio adaptable que permita cambios r\u00e1pidos de layout, un uso eficiente del espacio y la optimizaci\u00f3n de las operaciones. Esto es especialmente \u00fatil en situaciones en las que hay estacionalidad, cambios en la demanda o diversificaci\u00f3n de productos.<\/p>\n\n\n\n<p><strong>La versatilidad es la clave<\/strong><\/p>\n\n\n\n<p>La flexibilidad puede empezar desde la base. Dependiendo del tipo de perno utilizado, colocar un pilar en un lugar inadecuado puede causar muchos inconvenientes, tanto en la extracci\u00f3n del perno de anclaje como en la reparaci\u00f3n del piso.<\/p>\n\n\n\n<p>El uso de pernos de anclaje extra\u00edbles es esencial para garantizar la flexibilidad de los rakc de pallets. La diferencia del conocido Parabolt, el Palletbolt Hard es un anclaje mec\u00e1nico de tipo tornillo no expansivo y extra\u00edble. Es de una sola pieza: solo el tornillo tiene un dise\u00f1o de rosca que, durante la fijaci\u00f3n, puede atornillarse en el hormig\u00f3n. Su aplicaci\u00f3n es f\u00e1cil y hasta un 50% m\u00e1s r\u00e1pida, adem\u00e1s de poder alcanzar altas cargas.<\/p>\n\n\n<div class=\"wp-block-image\">\n<figure class=\"aligncenter size-large is-resized\"><img loading=\"lazy\" decoding=\"async\" src=\"https:\/\/www.hard.com.br\/wp-content\/uploads\/2025\/02\/Portfolio-CMP-2-2-1024x683.png\" alt=\"\" class=\"wp-image-30790\" width=\"626\" height=\"417\" srcset=\"https:\/\/www.hard.com.br\/wp-content\/uploads\/2025\/02\/Portfolio-CMP-2-2-1024x683.png 1024w, https:\/\/www.hard.com.br\/wp-content\/uploads\/2025\/02\/Portfolio-CMP-2-2-300x200.png 300w, https:\/\/www.hard.com.br\/wp-content\/uploads\/2025\/02\/Portfolio-CMP-2-2-768x512.png 768w, https:\/\/www.hard.com.br\/wp-content\/uploads\/2025\/02\/Portfolio-CMP-2-2.png 1080w\" sizes=\"auto, (max-width: 626px) 100vw, 626px\" \/><figcaption class=\"wp-element-caption\"><em>Comparaci\u00f3n entre los dos tipos de pernos de anclaje<\/em><\/figcaption><\/figure><\/div>\n\n\n<p>En general, Palletbolt Hard es superior a Parabolt por las siguientes razones:<\/p>\n\n\n\n<ol class=\"wp-block-list\" type=\"1\">\n<li>Mejor costo X benef\u00edcio;<\/li>\n\n\n\n<li>Seguridad en la instalaci\u00f3n: anclaje con final de carrera;<\/li>\n\n\n\n<li>Aumento de la capacidad de carga<\/li>\n\n\n\n<li>La aplicaci\u00f3n del Palletbolt Hard es sencilla y r\u00e1pida, aumentando la productividad en obra;<\/li>\n\n\n\n<li>Permite la aplicaci\u00f3n a distancias reducidas de los bordes y entre los pernos de anclaje;<\/li>\n\n\n\n<li>Permite el uso de un taladro est\u00e1ndar del mercado.<\/li>\n\n\n\n<li>Evita los v\u00e1stagos doblados y la p\u00e9rdida de brocas<\/li>\n<\/ol>\n\n\n\n<p><strong>Mais dicas:<\/strong><\/p>\n\n\n\n<p>Estos son algunos otros puntos importantes para tener en cuenta a la hora de crear un almac\u00e9n o centro de distribuci\u00f3n vers\u00e1til:<\/p>\n\n\n\n<ul class=\"wp-block-list\">\n<li><strong>Evaluar las necesidades del negocio<\/strong>: Analizar qu\u00e9 tipos de productos se van a almacenar, el volumen estimado, la estacionalidad o los picos de demanda, etc.<br><br><\/li>\n\n\n\n<li><strong>Enfoque en la versatilidad del dise\u00f1o<\/strong>: Cree \u00e1reas abiertas y modulares que permitan una f\u00e1cil reconfiguraci\u00f3n y considere la posibilidad de subdivisiones para diferentes tipos de almacenamiento (paletizado, picking, etc.)<br><br><\/li>\n<\/ul>\n\n\n\n<ul class=\"wp-block-list\">\n<li><strong>Invierta en estanter\u00edas de pallets ajustable<\/strong>: elija sistemas que se puedan montar y desmontar r\u00e1pidamente y opte por estanter\u00edas para palets ajustables en altura para diferentes tama\u00f1os de productos.<br><br><\/li>\n\n\n\n<li><strong>Elija estanter\u00edas din\u00e1micas<\/strong>: utilice estanter\u00edas deslizantes o estanter\u00edas din\u00e1micas para facilitar el acceso y la reposici\u00f3n.<br><br><\/li>\n\n\n\n<li><strong>Utilice el almacenamiento vertical<\/strong>: Instale entrepisos o sistemas de almacenamiento vertical para maximizar el uso del espacio.<br><br><\/li>\n<\/ul>\n\n\n\n<p><strong>Opte por equipos m\u00f3viles<\/strong>: Utilice transpaletas, carretillas el\u00e9ctricas o retr\u00e1ctiles para un manejo eficiente y sistemas de transporte modulares.<br><\/p>\n\n\n<div class=\"wp-block-image\">\n<figure class=\"aligncenter size-large is-resized\"><img loading=\"lazy\" decoding=\"async\" src=\"https:\/\/www.hard.com.br\/wp-content\/uploads\/2025\/02\/man-overalls-showing-colleague-number-warehouse-shelf-1024x681.jpg\" alt=\"\" class=\"wp-image-30794\" width=\"647\" height=\"430\" srcset=\"https:\/\/www.hard.com.br\/wp-content\/uploads\/2025\/02\/man-overalls-showing-colleague-number-warehouse-shelf-1024x681.jpg 1024w, https:\/\/www.hard.com.br\/wp-content\/uploads\/2025\/02\/man-overalls-showing-colleague-number-warehouse-shelf-300x200.jpg 300w, https:\/\/www.hard.com.br\/wp-content\/uploads\/2025\/02\/man-overalls-showing-colleague-number-warehouse-shelf-768x511.jpg 768w, https:\/\/www.hard.com.br\/wp-content\/uploads\/2025\/02\/man-overalls-showing-colleague-number-warehouse-shelf-1536x1022.jpg 1536w, https:\/\/www.hard.com.br\/wp-content\/uploads\/2025\/02\/man-overalls-showing-colleague-number-warehouse-shelf-2048x1363.jpg 2048w\" sizes=\"auto, (max-width: 647px) 100vw, 647px\" \/><figcaption class=\"wp-element-caption\"><em>Planificar un almac\u00e9n vers\u00e1til evita gastos innecesarios y retrasos en la log\u00edstica<\/em><\/figcaption><\/figure><\/div>\n\n\n<ul class=\"wp-block-list\">\n<li><strong>Definir un sistema de gesti\u00f3n de almacenes (WMS): <\/strong>Un software WMS ayuda a organizar el espacio, realizar un seguimiento del inventario y mejorar la eficiencia.<br><br><\/li>\n\n\n\n<li><strong>Adopte soluciones de IoT y sensores<\/strong>: controle la temperatura, la humedad y la seguridad en tiempo real, y utilice sensores para realizar un seguimiento de los movimientos.<br><br><\/li>\n\n\n\n<li><strong>Disponga de una automatizaci\u00f3n flexible<\/strong>: invierta en robots m\u00f3viles aut\u00f3nomos (AMR) que puedan programarse para diferentes tareas y en sistemas autom\u00e1ticos de recogida y embalaje.<br><br><\/li>\n\n\n\n<li><strong>Utilice un suelo resistente y vers\u00e1til<\/strong>: Elija un suelo de alta resistencia para soportar equipos pesados y tr\u00e1fico constante.<br><br><\/li>\n\n\n\n<li><strong>Mantenga las particiones flexibles<\/strong>: use cortinas de PVC, paredes m\u00f3viles o particiones modulares para subdividir temporalmente los espacios.<br><br><\/li>\n\n\n\n<li><strong>Garantice la iluminaci\u00f3n y la energ\u00eda <\/strong>sostenibles: Utilice iluminaci\u00f3n LED eficiente, con sensores de movimiento y garantice la capacidad de expandir la energ\u00eda para respaldar nuevas m\u00e1quinas o sistemas. Instale paneles solares o sistemas de energ\u00eda e\u00f3lica para reducir los costos operativos.<br><br><\/li>\n\n\n\n<li><strong>Adopte muelles de carga y descarga modulares<\/strong>: elija muelles que se puedan ajustar para diferentes tipos de veh\u00edculos y cree \u00e1reas para el movimiento directo de productos entre veh\u00edculos sin almacenamiento intermedio.<br><br><\/li>\n\n\n\n<li><strong>Utilizar materiales sostenibles<\/strong>: Utilizar estructuras met\u00e1licas reciclables y sistemas de aprovechamiento del agua.<br><br><\/li>\n\n\n\n<li><strong>Fa\u00e7a a gest\u00e3o de res\u00edduos<\/strong>: Utilize sistemas de reciclagem e reaproveitamento de materiais.<br><br><\/li>\n\n\n\n<li><strong>Tenga en cuenta las revisiones, el mantenimiento y los ajustes constantes<\/strong>: realice revisiones peri\u00f3dicas del dise\u00f1o y los procesos, supervise el rendimiento del almac\u00e9n e implemente mejoras basadas en datos.<br><\/li>\n<\/ul>\n\n\n\n<p><strong>C\u00f3mo Hard puede ayudarte<\/strong><\/p>\n\n\n\n<p>&nbsp;<a href=\"https:\/\/hard.com.br\/nossa-historia\/\">Hard<\/a> puede ayudar a que su negocio crezca con soluciones innovadoras. Fuimos pioneros en traer la tecnolog\u00eda de anclajes autorroscantes a Brasil, hace unos diez a\u00f1os.<\/p>\n\n\n\n<p>Conozca nuestras soluciones para <a href=\"https:\/\/www.hard.com.br\/produtos\/construcao-metalica-e-pre-moldados\/?linhas_de_produtos%5b%5d=158\">Almacenamiento y Manipulaci\u00f3n<\/a> y hable con uno de nuestros <a href=\"https:\/\/www.hard.com.br\/contato\/solicite-um-orcamento\/\">Especialistas<\/a>.<\/p>\n\n\n<div class=\"wp-block-image\">\n<figure class=\"aligncenter size-large is-resized\"><img loading=\"lazy\" decoding=\"async\" src=\"https:\/\/www.hard.com.br\/wp-content\/uploads\/2024\/07\/Armazenagem-e-Movimentacao-1-1024x1024.png\" alt=\"\" class=\"wp-image-29285\" width=\"429\" height=\"429\" srcset=\"https:\/\/www.hard.com.br\/wp-content\/uploads\/2024\/07\/Armazenagem-e-Movimentacao-1-1024x1024.png 1024w, https:\/\/www.hard.com.br\/wp-content\/uploads\/2024\/07\/Armazenagem-e-Movimentacao-1-300x300.png 300w, https:\/\/www.hard.com.br\/wp-content\/uploads\/2024\/07\/Armazenagem-e-Movimentacao-1-150x150.png 150w, https:\/\/www.hard.com.br\/wp-content\/uploads\/2024\/07\/Armazenagem-e-Movimentacao-1-768x768.png 768w, https:\/\/www.hard.com.br\/wp-content\/uploads\/2024\/07\/Armazenagem-e-Movimentacao-1.png 1080w\" sizes=\"auto, (max-width: 429px) 100vw, 429px\" \/><\/figure><\/div>","protected":false},"excerpt":{"rendered":"La creaci\u00f3n de un almac\u00e9n vers\u00e1til implica dise\u00f1ar un espacio adaptable que permita cambios r\u00e1pidos [&hellip;]","protected":false},"featured_media":0,"comment_status":"open","ping_status":"closed","template":"","categoryposts":[337],"class_list":["post-31400","blog","type-blog","status-publish","hentry","categoryposts-construccion-metalica-y-prefabricada"],"acf":[],"yoast_head":"<!-- This site is optimized with the Yoast SEO plugin v27.2 - https:\/\/yoast.com\/product\/yoast-seo-wordpress\/ -->\n<title>Log\u00edstica: c\u00f3mo montar un almac\u00e9n vers\u00e1til y moderno | Grupo Hard<\/title>\n<meta name=\"description\" content=\"La creaci\u00f3n de un almac\u00e9n vers\u00e1til implica dise\u00f1ar un espacio adaptable que permita cambios r\u00e1pidos de layout, un uso eficiente del espacio y la optimizaci\u00f3n de las operaciones. Esto es especialmente \u00fatil en situaciones en las que hay estacionalidad, cambios en la demanda o diversificaci\u00f3n de productos.\" \/>\n<meta name=\"robots\" content=\"index, follow, max-snippet:-1, max-image-preview:large, max-video-preview:-1\" \/>\n<link rel=\"canonical\" href=\"https:\/\/www.hard.com.br\/es\/blog\/logistica-como-montar-un-almacen-versatil-y-moderno\/\" \/>\n<meta property=\"og:locale\" content=\"es_ES\" \/>\n<meta property=\"og:type\" content=\"article\" \/>\n<meta property=\"og:title\" content=\"Log\u00edstica: c\u00f3mo montar un almac\u00e9n vers\u00e1til y moderno | Grupo Hard\" \/>\n<meta property=\"og:description\" content=\"La creaci\u00f3n de un almac\u00e9n vers\u00e1til implica dise\u00f1ar un espacio adaptable que permita cambios r\u00e1pidos de layout, un uso eficiente del espacio y la optimizaci\u00f3n de las operaciones. Esto es especialmente \u00fatil en situaciones en las que hay estacionalidad, cambios en la demanda o diversificaci\u00f3n de productos.\" \/>\n<meta property=\"og:url\" content=\"https:\/\/www.hard.com.br\/es\/blog\/logistica-como-montar-un-almacen-versatil-y-moderno\/\" \/>\n<meta property=\"og:site_name\" content=\"Grupo Hard\" \/>\n<meta property=\"article:modified_time\" content=\"2025-04-16T17:50:09+00:00\" \/>\n<meta property=\"og:image\" content=\"https:\/\/www.hard.com.br\/wp-content\/uploads\/2025\/02\/Portfolio-CMP-2-2-1024x683.png\" \/>\n<meta name=\"twitter:card\" content=\"summary_large_image\" \/>\n<meta name=\"twitter:label1\" content=\"Tiempo de lectura\" \/>\n\t<meta name=\"twitter:data1\" content=\"4 minutos\" \/>\n<script type=\"application\/ld+json\" class=\"yoast-schema-graph\">{\"@context\":\"https:\/\/schema.org\",\"@graph\":[{\"@type\":\"WebPage\",\"@id\":\"https:\/\/www.hard.com.br\/es\/blog\/logistica-como-montar-un-almacen-versatil-y-moderno\/\",\"url\":\"https:\/\/www.hard.com.br\/es\/blog\/logistica-como-montar-un-almacen-versatil-y-moderno\/\",\"name\":\"Log\u00edstica: c\u00f3mo montar un almac\u00e9n vers\u00e1til y moderno | Grupo Hard\",\"isPartOf\":{\"@id\":\"https:\/\/www.hard.com.br\/es\/#website\"},\"primaryImageOfPage\":{\"@id\":\"https:\/\/www.hard.com.br\/es\/blog\/logistica-como-montar-un-almacen-versatil-y-moderno\/#primaryimage\"},\"image\":{\"@id\":\"https:\/\/www.hard.com.br\/es\/blog\/logistica-como-montar-un-almacen-versatil-y-moderno\/#primaryimage\"},\"thumbnailUrl\":\"https:\/\/www.hard.com.br\/wp-content\/uploads\/2025\/02\/Portfolio-CMP-2-2-1024x683.png\",\"datePublished\":\"2025-04-16T17:40:04+00:00\",\"dateModified\":\"2025-04-16T17:50:09+00:00\",\"description\":\"La creaci\u00f3n de un almac\u00e9n vers\u00e1til implica dise\u00f1ar un espacio adaptable que permita cambios r\u00e1pidos de layout, un uso eficiente del espacio y la optimizaci\u00f3n de las operaciones. Esto es especialmente \u00fatil en situaciones en las que hay estacionalidad, cambios en la demanda o diversificaci\u00f3n de productos.\",\"breadcrumb\":{\"@id\":\"https:\/\/www.hard.com.br\/es\/blog\/logistica-como-montar-un-almacen-versatil-y-moderno\/#breadcrumb\"},\"inLanguage\":\"es\",\"potentialAction\":[{\"@type\":\"ReadAction\",\"target\":[\"https:\/\/www.hard.com.br\/es\/blog\/logistica-como-montar-un-almacen-versatil-y-moderno\/\"]}]},{\"@type\":\"ImageObject\",\"inLanguage\":\"es\",\"@id\":\"https:\/\/www.hard.com.br\/es\/blog\/logistica-como-montar-un-almacen-versatil-y-moderno\/#primaryimage\",\"url\":\"https:\/\/www.hard.com.br\/wp-content\/uploads\/2025\/02\/Portfolio-CMP-2-2-1024x683.png\",\"contentUrl\":\"https:\/\/www.hard.com.br\/wp-content\/uploads\/2025\/02\/Portfolio-CMP-2-2-1024x683.png\"},{\"@type\":\"BreadcrumbList\",\"@id\":\"https:\/\/www.hard.com.br\/es\/blog\/logistica-como-montar-un-almacen-versatil-y-moderno\/#breadcrumb\",\"itemListElement\":[{\"@type\":\"ListItem\",\"position\":1,\"name\":\"Home\",\"item\":\"https:\/\/www.hard.com.br\/es\/\"},{\"@type\":\"ListItem\",\"position\":2,\"name\":\"Blog\",\"item\":\"https:\/\/www.hard.com.br\/es\/blog\/\"},{\"@type\":\"ListItem\",\"position\":3,\"name\":\"Log\u00edstica: c\u00f3mo montar un almac\u00e9n vers\u00e1til y moderno\"}]},{\"@type\":\"WebSite\",\"@id\":\"https:\/\/www.hard.com.br\/es\/#website\",\"url\":\"https:\/\/www.hard.com.br\/es\/\",\"name\":\"Grupo Hard\",\"description\":\"Desde 1985.\",\"potentialAction\":[{\"@type\":\"SearchAction\",\"target\":{\"@type\":\"EntryPoint\",\"urlTemplate\":\"https:\/\/www.hard.com.br\/es\/?s={search_term_string}\"},\"query-input\":{\"@type\":\"PropertyValueSpecification\",\"valueRequired\":true,\"valueName\":\"search_term_string\"}}],\"inLanguage\":\"es\"}]}<\/script>\n<!-- \/ Yoast SEO plugin. -->","yoast_head_json":{"title":"Log\u00edstica: c\u00f3mo montar un almac\u00e9n vers\u00e1til y moderno | Grupo Hard","description":"La creaci\u00f3n de un almac\u00e9n vers\u00e1til implica dise\u00f1ar un espacio adaptable que permita cambios r\u00e1pidos de layout, un uso eficiente del espacio y la optimizaci\u00f3n de las operaciones. Esto es especialmente \u00fatil en situaciones en las que hay estacionalidad, cambios en la demanda o diversificaci\u00f3n de productos.","robots":{"index":"index","follow":"follow","max-snippet":"max-snippet:-1","max-image-preview":"max-image-preview:large","max-video-preview":"max-video-preview:-1"},"canonical":"https:\/\/www.hard.com.br\/es\/blog\/logistica-como-montar-un-almacen-versatil-y-moderno\/","og_locale":"es_ES","og_type":"article","og_title":"Log\u00edstica: c\u00f3mo montar un almac\u00e9n vers\u00e1til y moderno | Grupo Hard","og_description":"La creaci\u00f3n de un almac\u00e9n vers\u00e1til implica dise\u00f1ar un espacio adaptable que permita cambios r\u00e1pidos de layout, un uso eficiente del espacio y la optimizaci\u00f3n de las operaciones. Esto es especialmente \u00fatil en situaciones en las que hay estacionalidad, cambios en la demanda o diversificaci\u00f3n de productos.","og_url":"https:\/\/www.hard.com.br\/es\/blog\/logistica-como-montar-un-almacen-versatil-y-moderno\/","og_site_name":"Grupo Hard","article_modified_time":"2025-04-16T17:50:09+00:00","og_image":[{"url":"https:\/\/www.hard.com.br\/wp-content\/uploads\/2025\/02\/Portfolio-CMP-2-2-1024x683.png","type":"","width":"","height":""}],"twitter_card":"summary_large_image","twitter_misc":{"Tiempo de lectura":"4 minutos"},"schema":{"@context":"https:\/\/schema.org","@graph":[{"@type":"WebPage","@id":"https:\/\/www.hard.com.br\/es\/blog\/logistica-como-montar-un-almacen-versatil-y-moderno\/","url":"https:\/\/www.hard.com.br\/es\/blog\/logistica-como-montar-un-almacen-versatil-y-moderno\/","name":"Log\u00edstica: c\u00f3mo montar un almac\u00e9n vers\u00e1til y moderno | Grupo Hard","isPartOf":{"@id":"https:\/\/www.hard.com.br\/es\/#website"},"primaryImageOfPage":{"@id":"https:\/\/www.hard.com.br\/es\/blog\/logistica-como-montar-un-almacen-versatil-y-moderno\/#primaryimage"},"image":{"@id":"https:\/\/www.hard.com.br\/es\/blog\/logistica-como-montar-un-almacen-versatil-y-moderno\/#primaryimage"},"thumbnailUrl":"https:\/\/www.hard.com.br\/wp-content\/uploads\/2025\/02\/Portfolio-CMP-2-2-1024x683.png","datePublished":"2025-04-16T17:40:04+00:00","dateModified":"2025-04-16T17:50:09+00:00","description":"La creaci\u00f3n de un almac\u00e9n vers\u00e1til implica dise\u00f1ar un espacio adaptable que permita cambios r\u00e1pidos de layout, un uso eficiente del espacio y la optimizaci\u00f3n de las operaciones. Esto es especialmente \u00fatil en situaciones en las que hay estacionalidad, cambios en la demanda o diversificaci\u00f3n de productos.","breadcrumb":{"@id":"https:\/\/www.hard.com.br\/es\/blog\/logistica-como-montar-un-almacen-versatil-y-moderno\/#breadcrumb"},"inLanguage":"es","potentialAction":[{"@type":"ReadAction","target":["https:\/\/www.hard.com.br\/es\/blog\/logistica-como-montar-un-almacen-versatil-y-moderno\/"]}]},{"@type":"ImageObject","inLanguage":"es","@id":"https:\/\/www.hard.com.br\/es\/blog\/logistica-como-montar-un-almacen-versatil-y-moderno\/#primaryimage","url":"https:\/\/www.hard.com.br\/wp-content\/uploads\/2025\/02\/Portfolio-CMP-2-2-1024x683.png","contentUrl":"https:\/\/www.hard.com.br\/wp-content\/uploads\/2025\/02\/Portfolio-CMP-2-2-1024x683.png"},{"@type":"BreadcrumbList","@id":"https:\/\/www.hard.com.br\/es\/blog\/logistica-como-montar-un-almacen-versatil-y-moderno\/#breadcrumb","itemListElement":[{"@type":"ListItem","position":1,"name":"Home","item":"https:\/\/www.hard.com.br\/es\/"},{"@type":"ListItem","position":2,"name":"Blog","item":"https:\/\/www.hard.com.br\/es\/blog\/"},{"@type":"ListItem","position":3,"name":"Log\u00edstica: c\u00f3mo montar un almac\u00e9n vers\u00e1til y moderno"}]},{"@type":"WebSite","@id":"https:\/\/www.hard.com.br\/es\/#website","url":"https:\/\/www.hard.com.br\/es\/","name":"Grupo Hard","description":"Desde 1985.","potentialAction":[{"@type":"SearchAction","target":{"@type":"EntryPoint","urlTemplate":"https:\/\/www.hard.com.br\/es\/?s={search_term_string}"},"query-input":{"@type":"PropertyValueSpecification","valueRequired":true,"valueName":"search_term_string"}}],"inLanguage":"es"}]}},"_links":{"self":[{"href":"https:\/\/www.hard.com.br\/es\/wp-json\/wp\/v2\/blog\/31400","targetHints":{"allow":["GET"]}}],"collection":[{"href":"https:\/\/www.hard.com.br\/es\/wp-json\/wp\/v2\/blog"}],"about":[{"href":"https:\/\/www.hard.com.br\/es\/wp-json\/wp\/v2\/types\/blog"}],"replies":[{"embeddable":true,"href":"https:\/\/www.hard.com.br\/es\/wp-json\/wp\/v2\/comments?post=31400"}],"wp:attachment":[{"href":"https:\/\/www.hard.com.br\/es\/wp-json\/wp\/v2\/media?parent=31400"}],"wp:term":[{"taxonomy":"categoryposts","embeddable":true,"href":"https:\/\/www.hard.com.br\/es\/wp-json\/wp\/v2\/categoryposts?post=31400"}],"curies":[{"name":"wp","href":"https:\/\/api.w.org\/{rel}","templated":true}]}}